{"id":1942,"date":"2025-10-17T11:09:30","date_gmt":"2025-10-17T14:09:30","guid":{"rendered":"https:\/\/www.graduados.unt.edu.ar\/?p=1942"},"modified":"2025-10-17T11:09:30","modified_gmt":"2025-10-17T14:09:30","slug":"carlos-mauricio-garmendia","status":"publish","type":"post","link":"https:\/\/www.graduados.unt.edu.ar\/index.php\/2025\/10\/17\/carlos-mauricio-garmendia\/","title":{"rendered":"Carlos Mauricio Garmendia"},"content":{"rendered":"\n<div class=\"perfilitems\"><img loading=\"lazy\" decoding=\"async\" width=\"28\" height=\"28\" src=\"https:\/\/www.graduados.unt.edu.ar\/wp-content\/uploads\/2025\/03\/lugarR28.png\" alt=\"\" class=\"wp-image-260\">Ubicaci\u00f3n: San Miguel de Tucum\u00e1n &#8211; Tucum\u00e1n &#8211; Argentina<\/div>\n\n\n\n<div class=\"perfilitems\"><img loading=\"lazy\" decoding=\"async\" width=\"28\" height=\"28\" src=\"https:\/\/www.graduados.unt.edu.ar\/wp-content\/uploads\/2025\/03\/carreraR28.png\" alt=\"\" class=\"wp-image-261\">Abogac\u00eda &#8211; Facultad de Derecho y Ciencias Sociales<\/div>\n\n\n\n<div class=\"perfilitems\" style=\"margin-bottom:10px\"><img loading=\"lazy\" decoding=\"async\" width=\"28\" height=\"28\" src=\"https:\/\/www.graduados.unt.edu.ar\/wp-content\/uploads\/2025\/03\/mailR28.png\" alt=\"\" class=\"wp-image-262\"> Email:carlosmauriciogarmendia@gmail.com<\/div>\n\n\n\n<p>Soy abogado con compromiso social y en Derechos Humanos.<\/p>\n\n\n\n<p><a href=\"http:\/\/www.youtube.com\/@carlosmauriciogarmendia2945\" target=\"_blank\" rel=\"noreferrer noopener\">www.youtube.com\/@carlosmauriciogarmendia2945<\/a><\/p>\n","protected":false},"excerpt":{"rendered":"<p>Ubicaci\u00f3n: San Miguel de Tucum\u00e1n &#8211; Tucum\u00e1n &#8211; Argentina Abogac\u00eda &#8211; Facultad de Derecho y Ciencias Sociales Email:carlosmauriciogarmendia@gmail.com Soy abogado con compromiso social y en Derechos Humanos. www.youtube.com\/@carlosmauriciogarmendia2945<\/p>\n","protected":false},"author":11,"featured_media":1943,"comment_status":"closed","ping_status":"closed","sticky":false,"template":"single-custom.php","format":"standard","meta":{"footnotes":""},"categories":[12],"tags":[98,15,97,13,14],"class_list":["post-1942","post","type-post","status-publish","format-standard","has-post-thumbnail","hentry","category-graduado","tag-abogacia","tag-argentina","tag-facultad-de-derecho-y-ciencias-sociales","tag-san-miguel-de-tucuman","tag-tucuman"],"_links":{"self":[{"href":"https:\/\/www.graduados.unt.edu.ar\/index.php\/wp-json\/wp\/v2\/posts\/1942"}],"collection":[{"href":"https:\/\/www.graduados.unt.edu.ar\/index.php\/wp-json\/wp\/v2\/posts"}],"about":[{"href":"https:\/\/www.graduados.unt.edu.ar\/index.php\/wp-json\/wp\/v2\/types\/post"}],"author":[{"embeddable":true,"href":"https:\/\/www.graduados.unt.edu.ar\/index.php\/wp-json\/wp\/v2\/users\/11"}],"replies":[{"embeddable":true,"href":"https:\/\/www.graduados.unt.edu.ar\/index.php\/wp-json\/wp\/v2\/comments?post=1942"}],"version-history":[{"count":1,"href":"https:\/\/www.graduados.unt.edu.ar\/index.php\/wp-json\/wp\/v2\/posts\/1942\/revisions"}],"predecessor-version":[{"id":1944,"href":"https:\/\/www.graduados.unt.edu.ar\/index.php\/wp-json\/wp\/v2\/posts\/1942\/revisions\/1944"}],"wp:featuredmedia":[{"embeddable":true,"href":"https:\/\/www.graduados.unt.edu.ar\/index.php\/wp-json\/wp\/v2\/media\/1943"}],"wp:attachment":[{"href":"https:\/\/www.graduados.unt.edu.ar\/index.php\/wp-json\/wp\/v2\/media?parent=1942"}],"wp:term":[{"taxonomy":"category","embeddable":true,"href":"https:\/\/www.graduados.unt.edu.ar\/index.php\/wp-json\/wp\/v2\/categories?post=1942"},{"taxonomy":"post_tag","embeddable":true,"href":"https:\/\/www.graduados.unt.edu.ar\/index.php\/wp-json\/wp\/v2\/tags?post=1942"}],"curies":[{"name":"wp","href":"https:\/\/api.w.org\/{rel}","templated":true}]}}