{"id":1518,"date":"2025-05-30T18:50:16","date_gmt":"2025-05-30T21:50:16","guid":{"rendered":"https:\/\/www.graduados.unt.edu.ar\/?p=1518"},"modified":"2025-05-30T18:50:16","modified_gmt":"2025-05-30T21:50:16","slug":"sebastian-canevaro","status":"publish","type":"post","link":"https:\/\/www.graduados.unt.edu.ar\/index.php\/2025\/05\/30\/sebastian-canevaro\/","title":{"rendered":"Sebastian Canevaro"},"content":{"rendered":"\n<div class=\"perfilitems\"><img loading=\"lazy\" decoding=\"async\" width=\"28\" height=\"28\" src=\"https:\/\/www.graduados.unt.edu.ar\/wp-content\/uploads\/2025\/03\/lugarR28.png\" alt=\"\" class=\"wp-image-260\"> Ubicaci\u00f3n: Yerba Buena &#8211; Tucum\u00e1n &#8211; Argentina<\/div>\n\n\n\n<div class=\"perfilitems\"><img loading=\"lazy\" decoding=\"async\" width=\"28\" height=\"28\" src=\"https:\/\/www.graduados.unt.edu.ar\/wp-content\/uploads\/2025\/03\/carreraR28.png\" alt=\"\" class=\"wp-image-261\"> Agrimensura &#8211; Facultad de Ciencias Exactas y Tecnolog\u00eda<\/div>\n\n\n\n<div class=\"perfilitems\" style=\"margin-bottom:10px\"><img loading=\"lazy\" decoding=\"async\" width=\"28\" height=\"28\" src=\"https:\/\/www.graduados.unt.edu.ar\/wp-content\/uploads\/2025\/03\/mailR28.png\" alt=\"\" class=\"wp-image-262\"> Email: scanevaro@herrera.unt.edu.ar<\/div>\n\n\n\n<p>Docente universitario de la asignatura Topograf\u00eda para las carreras de Ingenier\u00eda en Agrimensura e Ingenier\u00eda Geod\u00e9sica y Geof\u00edsica. Empleado de la Direcci\u00f3n General de Catastro de la Provincia de Tucum\u00e1n.<br>Trabajos de relevamientos topogr\u00e1ficos y fotogram\u00e9tricos con drones.<\/p>\n","protected":false},"excerpt":{"rendered":"<p>Ubicaci\u00f3n: Yerba Buena &#8211; Tucum\u00e1n &#8211; Argentina Agrimensura &#8211; Facultad de Ciencias Exactas y Tecnolog\u00eda Email: scanevaro@herrera.unt.edu.ar Docente universitario de la asignatura Topograf\u00eda para las carreras de Ingenier\u00eda en Agrimensura e Ingenier\u00eda Geod\u00e9sica y Geof\u00edsica. Empleado de la Direcci\u00f3n General de Catastro de la Provincia de Tucum\u00e1n.Trabajos de relevamientos topogr\u00e1ficos y fotogram\u00e9tricos con drones.<\/p>\n","protected":false},"author":13,"featured_media":1519,"comment_status":"closed","ping_status":"closed","sticky":false,"template":"single-custom.php","format":"standard","meta":{"footnotes":""},"categories":[12],"tags":[239,15,21,14,28],"class_list":["post-1518","post","type-post","status-publish","format-standard","has-post-thumbnail","hentry","category-graduado","tag-agrimensura","tag-argentina","tag-facultad-de-ciencias-exactas-y-tecnologia","tag-tucuman","tag-yerba-buena"],"_links":{"self":[{"href":"https:\/\/www.graduados.unt.edu.ar\/index.php\/wp-json\/wp\/v2\/posts\/1518"}],"collection":[{"href":"https:\/\/www.graduados.unt.edu.ar\/index.php\/wp-json\/wp\/v2\/posts"}],"about":[{"href":"https:\/\/www.graduados.unt.edu.ar\/index.php\/wp-json\/wp\/v2\/types\/post"}],"author":[{"embeddable":true,"href":"https:\/\/www.graduados.unt.edu.ar\/index.php\/wp-json\/wp\/v2\/users\/13"}],"replies":[{"embeddable":true,"href":"https:\/\/www.graduados.unt.edu.ar\/index.php\/wp-json\/wp\/v2\/comments?post=1518"}],"version-history":[{"count":1,"href":"https:\/\/www.graduados.unt.edu.ar\/index.php\/wp-json\/wp\/v2\/posts\/1518\/revisions"}],"predecessor-version":[{"id":1520,"href":"https:\/\/www.graduados.unt.edu.ar\/index.php\/wp-json\/wp\/v2\/posts\/1518\/revisions\/1520"}],"wp:featuredmedia":[{"embeddable":true,"href":"https:\/\/www.graduados.unt.edu.ar\/index.php\/wp-json\/wp\/v2\/media\/1519"}],"wp:attachment":[{"href":"https:\/\/www.graduados.unt.edu.ar\/index.php\/wp-json\/wp\/v2\/media?parent=1518"}],"wp:term":[{"taxonomy":"category","embeddable":true,"href":"https:\/\/www.graduados.unt.edu.ar\/index.php\/wp-json\/wp\/v2\/categories?post=1518"},{"taxonomy":"post_tag","embeddable":true,"href":"https:\/\/www.graduados.unt.edu.ar\/index.php\/wp-json\/wp\/v2\/tags?post=1518"}],"curies":[{"name":"wp","href":"https:\/\/api.w.org\/{rel}","templated":true}]}}