{"id":1105,"date":"2025-05-19T08:28:59","date_gmt":"2025-05-19T11:28:59","guid":{"rendered":"https:\/\/www.graduados.unt.edu.ar\/?p=1105"},"modified":"2025-05-19T08:28:59","modified_gmt":"2025-05-19T11:28:59","slug":"mauricio-frances","status":"publish","type":"post","link":"https:\/\/www.graduados.unt.edu.ar\/index.php\/2025\/05\/19\/mauricio-frances\/","title":{"rendered":"Mauricio Franc\u00e9s"},"content":{"rendered":"\n<div class=\"perfilitems\"><img loading=\"lazy\" decoding=\"async\" width=\"28\" height=\"28\" src=\"https:\/\/www.graduados.unt.edu.ar\/wp-content\/uploads\/2025\/03\/lugarR28.png\" alt=\"\" class=\"wp-image-260\"> Ubicaci\u00f3n: Villa Mar\u00eda &#8211; C\u00f3rdoba &#8211; Argentina<\/div>\n\n\n\n<div class=\"perfilitems\" style=\"margin-bottom:10px\"><img loading=\"lazy\" decoding=\"async\" width=\"28\" height=\"28\" src=\"https:\/\/www.graduados.unt.edu.ar\/wp-content\/uploads\/2025\/03\/carreraR28.png\" alt=\"\" class=\"wp-image-261\"> Profesorado en M\u00fasica con Orientaci\u00f3n en Educaci\u00f3n Musical &#8211; Instituto Superior de M\u00fasica <\/div>\n\n\n\n<p>Soy profesor de m\u00fasica de escuela secundaria y estudio una licenciatura en composici\u00f3n musical orientada a la m\u00fasica popular en la Universidad Nacional de Villa Mar\u00eda.<\/p>\n","protected":false},"excerpt":{"rendered":"<p>Ubicaci\u00f3n: Villa Mar\u00eda &#8211; C\u00f3rdoba &#8211; Argentina Profesorado en M\u00fasica con Orientaci\u00f3n en Educaci\u00f3n Musical &#8211; Instituto Superior de M\u00fasica Soy profesor de m\u00fasica de escuela secundaria y estudio una licenciatura en composici\u00f3n musical orientada a la m\u00fasica popular en la Universidad Nacional de Villa Mar\u00eda.<\/p>\n","protected":false},"author":9,"featured_media":277,"comment_status":"closed","ping_status":"closed","sticky":false,"template":"single-custom.php","format":"standard","meta":{"footnotes":""},"categories":[12],"tags":[15,182,184,155,183],"class_list":["post-1105","post","type-post","status-publish","format-standard","has-post-thumbnail","hentry","category-graduado","tag-argentina","tag-cordoba","tag-instituto-superior-de-musica","tag-profesorado-en-musica-con-orientacion-en-educacion-musical","tag-villa-maria"],"_links":{"self":[{"href":"https:\/\/www.graduados.unt.edu.ar\/index.php\/wp-json\/wp\/v2\/posts\/1105"}],"collection":[{"href":"https:\/\/www.graduados.unt.edu.ar\/index.php\/wp-json\/wp\/v2\/posts"}],"about":[{"href":"https:\/\/www.graduados.unt.edu.ar\/index.php\/wp-json\/wp\/v2\/types\/post"}],"author":[{"embeddable":true,"href":"https:\/\/www.graduados.unt.edu.ar\/index.php\/wp-json\/wp\/v2\/users\/9"}],"replies":[{"embeddable":true,"href":"https:\/\/www.graduados.unt.edu.ar\/index.php\/wp-json\/wp\/v2\/comments?post=1105"}],"version-history":[{"count":1,"href":"https:\/\/www.graduados.unt.edu.ar\/index.php\/wp-json\/wp\/v2\/posts\/1105\/revisions"}],"predecessor-version":[{"id":1106,"href":"https:\/\/www.graduados.unt.edu.ar\/index.php\/wp-json\/wp\/v2\/posts\/1105\/revisions\/1106"}],"wp:featuredmedia":[{"embeddable":true,"href":"https:\/\/www.graduados.unt.edu.ar\/index.php\/wp-json\/wp\/v2\/media\/277"}],"wp:attachment":[{"href":"https:\/\/www.graduados.unt.edu.ar\/index.php\/wp-json\/wp\/v2\/media?parent=1105"}],"wp:term":[{"taxonomy":"category","embeddable":true,"href":"https:\/\/www.graduados.unt.edu.ar\/index.php\/wp-json\/wp\/v2\/categories?post=1105"},{"taxonomy":"post_tag","embeddable":true,"href":"https:\/\/www.graduados.unt.edu.ar\/index.php\/wp-json\/wp\/v2\/tags?post=1105"}],"curies":[{"name":"wp","href":"https:\/\/api.w.org\/{rel}","templated":true}]}}